{"id":2664,"date":"2016-02-26T18:42:55","date_gmt":"2016-02-26T17:42:55","guid":{"rendered":"http:\/\/patricebarrat.org\/?p=2664"},"modified":"2019-02-20T16:32:18","modified_gmt":"2019-02-20T15:32:18","slug":"dure-france-un-poeme-sous-la-liberal-democratie-cynique-sous-la-mondialisation-devoyee-repartie-pour-un-tour-fevrier-2016","status":"publish","type":"post","link":"https:\/\/patricebarrat.org\/index.php\/2016\/02\/26\/dure-france-un-poeme-sous-la-liberal-democratie-cynique-sous-la-mondialisation-devoyee-repartie-pour-un-tour-fevrier-2016\/","title":{"rendered":"DURE FRANCE, un po\u00e8me sous la lib\u00e9ral-d\u00e9mocratie cynique, sous la mondialisation d\u00e9voy\u00e9e repartie pour un tour\u2026 F\u00e9vrier 2016"},"content":{"rendered":"\t\t<div data-elementor-type=\"wp-post\" data-elementor-id=\"2664\" class=\"elementor elementor-2664 elementor-bc-flex-widget\" data-elementor-settings=\"[]\">\n\t\t\t\t\t\t<div class=\"elementor-inner\">\n\t\t\t\t\t\t\t<div class=\"elementor-section-wrap\">\n\t\t\t\t\t\t\t<section class=\"elementor-section elementor-top-section elementor-element elementor-element-29186ef1 elementor-section-boxed elementor-section-height-default elementor-section-height-default\" data-id=\"29186ef1\" data-element_type=\"section\">\n\t\t\t\t\t\t<div class=\"elementor-container elementor-column-gap-default\">\n\t\t\t\t\t\t\t<div class=\"elementor-row\">\n\t\t\t\t\t<div class=\"elementor-column elementor-col-100 elementor-top-column elementor-element elementor-element-1ac3d2c7\" data-id=\"1ac3d2c7\" data-element_type=\"column\">\n\t\t\t<div class=\"elementor-column-wrap elementor-element-populated\">\n\t\t\t\t\t\t\t<div class=\"elementor-widget-wrap\">\n\t\t\t\t\t\t<div class=\"elementor-element elementor-element-97479ff elementor-widget elementor-widget-spacer\" data-id=\"97479ff\" data-element_type=\"widget\" data-widget_type=\"spacer.default\">\n\t\t\t\t<div class=\"elementor-widget-container\">\n\t\t\t\t\t<div class=\"elementor-spacer\">\n\t\t\t<div class=\"elementor-spacer-inner\"><\/div>\n\t\t<\/div>\n\t\t\t\t<\/div>\n\t\t\t\t<\/div>\n\t\t\t\t<div class=\"elementor-element elementor-element-4f6cc7c elementor-widget elementor-widget-heading\" data-id=\"4f6cc7c\" data-element_type=\"widget\" data-widget_type=\"heading.default\">\n\t\t\t\t<div class=\"elementor-widget-container\">\n\t\t\t<h2 class=\"elementor-heading-title elementor-size-default\">DURE FRANCE, un po\u00e8me sous la lib\u00e9ral-d\u00e9mocratie cynique, sous la mondialisation d\u00e9voy\u00e9e repartie pour un tour\u2026 F\u00e9vrier 2016<\/h2>\t\t<\/div>\n\t\t\t\t<\/div>\n\t\t\t\t<div class=\"elementor-element elementor-element-2f8b61f elementor-widget elementor-widget-image\" data-id=\"2f8b61f\" data-element_type=\"widget\" data-widget_type=\"image.default\">\n\t\t\t\t<div class=\"elementor-widget-container\">\n\t\t\t\t\t<div class=\"elementor-image\">\n\t\t\t\t\t\t\t\t\t\t<img width=\"600\" height=\"344\" src=\"https:\/\/patricebarrat.org\/wp-content\/uploads\/2019\/02\/0-3-600x344.jpg\" class=\"attachment-shop_single size-shop_single\" alt=\"\" loading=\"lazy\" srcset=\"https:\/\/patricebarrat.org\/wp-content\/uploads\/2019\/02\/0-3-600x344.jpg 600w, https:\/\/patricebarrat.org\/wp-content\/uploads\/2019\/02\/0-3-300x172.jpg 300w, https:\/\/patricebarrat.org\/wp-content\/uploads\/2019\/02\/0-3.jpg 698w\" sizes=\"(max-width: 600px) 100vw, 600px\" \/>\t\t\t\t\t\t\t\t\t\t\t<\/div>\n\t\t\t\t<\/div>\n\t\t\t\t<\/div>\n\t\t\t\t<div class=\"elementor-element elementor-element-d4c5676 elementor-align-center elementor-widget elementor-widget-post-info\" data-id=\"d4c5676\" data-element_type=\"widget\" data-widget_type=\"post-info.default\">\n\t\t\t\t<div class=\"elementor-widget-container\">\n\t\t\t\t\t<ul class=\"elementor-inline-items elementor-icon-list-items elementor-post-info\">\n\t\t\t\t\t<li class=\"elementor-icon-list-item elementor-repeater-item-99c569e elementor-inline-item\" itemprop=\"datePublished\">\n\t\t\t\t\t\t\t\t\t<span class=\"elementor-icon-list-icon\">\n\t\t\t\t\t\t\t<i class=\"fa fa-calendar\" aria-hidden=\"true\"><\/i>\n\t\t\t\t\t<\/span>\n\t\t\t\t\t\t\t\t<span class=\"elementor-icon-list-text elementor-post-info__item elementor-post-info__item--type-date\">\n\t\t\t\t\t\t\t<span class=\"elementor-post-info__item-prefix\">Publi\u00e9 le<\/span>\n\t\t\t\t\t\t\t\t\t\t26 February 2016\t\t\t\t\t<\/span>\n\t\t\t\t\t\t\t\t<\/li>\n\t\t\t\t<\/ul>\n\t\t\t\t<\/div>\n\t\t\t\t<\/div>\n\t\t\t\t<div class=\"elementor-element elementor-element-4a7ab793 elementor-widget elementor-widget-text-editor\" data-id=\"4a7ab793\" data-element_type=\"widget\" data-widget_type=\"text-editor.default\">\n\t\t\t\t<div class=\"elementor-widget-container\">\n\t\t\t\t\t<div class=\"elementor-text-editor elementor-clearfix\"><p>Le samedi 25 f\u00e9vrier dernier, sur le bateau de Quiberon \u00e0 Belle-Ile, je me suis d&#8217;un seul coup laiss\u00e9 surprendre \u00e9crivant cela avec mon pouce sur mon t\u00e9l\u00e9phone en voyant le drapeau fran\u00e7ais flotter au vent, le continent s\u2019\u00e9loigner, des Gloires surgir au loin sur l\u2019Oc\u00e9an. Et surtout, VENT DEBOUT, avant de d\u00e9couvrir ces nuits Place de la R\u00e9publique, le sentiment d\u2019un trop plein de d\u00e9ceptions politiques au sens de la vie dans la Cit\u00e9 que l\u2019on ne nous accorde pas<\/p><p>DURE FRANCE<br \/>Au revoir ou Adieu,<br \/>ch\u00e8re France\u00a0\u2028incontinente en son continent,<br \/>Dure France, tu pisses\u00a0\u2028\u00e0 la raie de tes nobles<br \/>Principes \u00e0 plus d&#8217;un titre,<br \/>Les temps qui courent<br \/>Ne te font pas Honneur,<br \/>D\u00e8s que l&#8217;on s&#8217;\u00e9loigne<br \/>Un tant soit peu de toi<br \/>De vraies Gloires surgissent<br \/>\u00e0 l&#8217;instant m\u00eame, au point que,<br \/>Tout \u00e0 l&#8217;heure, ce sera\u2028 de loin,<br \/>qu&#8217;amer,\u00a0\u2028je contemplerai non plus<br \/>l&#8217;Aube d&#8217;une nouvelle vie commenc\u00e9e<br \/>il y a pr\u00e8s de trois ans pr\u00e8s de ton rivage<br \/>mais le Cr\u00e9puscule de ces Dieux<br \/>minables ou\u2028 de ces mauvais Diables<br \/>qui semblent tous deux unis<br \/>pour Hanter ton d\u00e9sormais sordide sillage.<br \/>Ton nouveau visage ne se refl\u00e8tera jamais<br \/>sur l&#8217;\u00e9cume de mon oc\u00e9an r\u00e9volt\u00e9.<br \/>Je t&#8217;aimais, c&#8217;est fini.<br \/>Par la faute de quelques rastaquou\u00e8res \u2028bard\u00e9s d&#8217;arrivistes certitudes<br \/>et de m\u00e9pris des gens de peu&#8230;<br \/>Ici, je le promets, je n&#8217;aurai de r\u00e9pit,<br \/>Depuis &#8220;mon&#8221; \u00eele ou de plus loin encore,<br \/>tant que pr\u00e9vaudront sur cette Terre<br \/>nagu\u00e8re porteuse de tous les Droits,<br \/>leur violation quasi scrupuleuse..<br \/>Si l\u00e0, j&#8217;ai mal au coeur,<br \/>Cela vient donc, en ce Petit Soir,<br \/>obscur\u00e9ment de cette Terre<br \/>qui d\u00e9j\u00e0 s&#8217;\u00e9loigne heureusement<br \/>et non pas de la Mer<br \/>que je sens enfin m&#8217;\u00e9treignant,<br \/>m&#8217;embrassant.<\/p><p>C&#8217;est mon Appel.<\/p><p>Patrice Barrat<\/p><p>25 f\u00e9vrier 2016, Ferry Quiberon-Le Palais.<\/p><\/div>\n\t\t\t\t<\/div>\n\t\t\t\t<\/div>\n\t\t\t\t\t\t<\/div>\n\t\t\t\t\t<\/div>\n\t\t<\/div>\n\t\t\t\t\t\t\t\t<\/div>\n\t\t\t\t\t<\/div>\n\t\t<\/section>\n\t\t\t\t<section class=\"elementor-section elementor-top-section elementor-element elementor-element-edc49ac elementor-section-boxed elementor-section-height-default elementor-section-height-default\" data-id=\"edc49ac\" data-element_type=\"section\">\n\t\t\t\t\t\t<div class=\"elementor-container elementor-column-gap-default\">\n\t\t\t\t\t\t\t<div class=\"elementor-row\">\n\t\t\t\t\t<div class=\"elementor-column elementor-col-100 elementor-top-column elementor-element elementor-element-0ee0cf5\" data-id=\"0ee0cf5\" data-element_type=\"column\">\n\t\t\t<div class=\"elementor-column-wrap elementor-element-populated\">\n\t\t\t\t\t\t\t<div class=\"elementor-widget-wrap\">\n\t\t\t\t\t\t<div class=\"elementor-element elementor-element-1205f5e elementor-post-navigation-borders-yes elementor-widget elementor-widget-post-navigation\" data-id=\"1205f5e\" data-element_type=\"widget\" data-widget_type=\"post-navigation.default\">\n\t\t\t\t<div class=\"elementor-widget-container\">\n\t\t\t\t\t<div class=\"elementor-post-navigation elementor-grid\">\n\t\t\t<div class=\"elementor-post-navigation__prev elementor-post-navigation__link\">\n\t\t\t\t<a href=\"https:\/\/patricebarrat.org\/index.php\/2015\/09\/29\/sur-le-sentiment-dimpuissance\/\" rel=\"prev\"><span class=\"post-navigation__arrow-wrapper post-navigation__arrow-prev\"><i class=\"fa fa-angle-left\" aria-hidden=\"true\"><\/i><\/span><span class=\"elementor-post-navigation__link__prev\"><span class=\"post-navigation__prev--label\">Previous<\/span><span class=\"post-navigation__prev--title\">Sur le sentiment d&#8217;impuissance.<\/span><\/span><\/a>\t\t\t<\/div>\n\t\t\t\t\t\t\t<div class=\"elementor-post-navigation__separator-wrapper\">\n\t\t\t\t\t<div class=\"elementor-post-navigation__separator\"><\/div>\n\t\t\t\t<\/div>\n\t\t\t\t\t\t<div class=\"elementor-post-navigation__next elementor-post-navigation__link\">\n\t\t\t\t<a href=\"https:\/\/patricebarrat.org\/index.php\/2016\/06\/16\/les-systemes-corps-du-texte-et-du-delit\/\" rel=\"next\"><span class=\"elementor-post-navigation__link__next\"><span class=\"post-navigation__next--label\">Next<\/span><span class=\"post-navigation__next--title\">Les Syst\u00e8mes, corps du texte et du d\u00e9lit.<\/span><\/span><span class=\"post-navigation__arrow-wrapper post-navigation__arrow-next\"><i class=\"fa fa-angle-right\" aria-hidden=\"true\"><\/i><\/span><\/a>\t\t\t<\/div>\n\t\t<\/div>\n\t\t\t\t<\/div>\n\t\t\t\t<\/div>\n\t\t\t\t\t\t<\/div>\n\t\t\t\t\t<\/div>\n\t\t<\/div>\n\t\t\t\t\t\t\t\t<\/div>\n\t\t\t\t\t<\/div>\n\t\t<\/section>\n\t\t\t\t\t\t<\/div>\n\t\t\t\t\t\t<\/div>\n\t\t\t\t\t<\/div>\n\t\t","protected":false},"excerpt":{"rendered":"<p>Le samedi 25 f\u00e9vrier dernier, sur le bateau de Quiberon \u00e0 Belle-Ile, je me suis d&#8217;un seul coup laiss\u00e9 surprendre \u00e9crivant cela avec mon pouce sur mon t\u00e9l\u00e9phone en voyant le drapeau fran\u00e7ais flotter au vent, le continent s\u2019\u00e9loigner, des Gloires surgir au loin sur l\u2019Oc\u00e9an.<\/p>\n","protected":false},"author":1,"featured_media":2666,"comment_status":"closed","ping_status":"closed","sticky":false,"template":"","format":"standard","meta":[],"categories":[1],"tags":[],"_links":{"self":[{"href":"https:\/\/patricebarrat.org\/index.php\/wp-json\/wp\/v2\/posts\/2664"}],"collection":[{"href":"https:\/\/patricebarrat.org\/index.php\/wp-json\/wp\/v2\/posts"}],"about":[{"href":"https:\/\/patricebarrat.org\/index.php\/wp-json\/wp\/v2\/types\/post"}],"author":[{"embeddable":true,"href":"https:\/\/patricebarrat.org\/index.php\/wp-json\/wp\/v2\/users\/1"}],"replies":[{"embeddable":true,"href":"https:\/\/patricebarrat.org\/index.php\/wp-json\/wp\/v2\/comments?post=2664"}],"version-history":[{"count":4,"href":"https:\/\/patricebarrat.org\/index.php\/wp-json\/wp\/v2\/posts\/2664\/revisions"}],"predecessor-version":[{"id":2861,"href":"https:\/\/patricebarrat.org\/index.php\/wp-json\/wp\/v2\/posts\/2664\/revisions\/2861"}],"wp:featuredmedia":[{"embeddable":true,"href":"https:\/\/patricebarrat.org\/index.php\/wp-json\/wp\/v2\/media\/2666"}],"wp:attachment":[{"href":"https:\/\/patricebarrat.org\/index.php\/wp-json\/wp\/v2\/media?parent=2664"}],"wp:term":[{"taxonomy":"category","embeddable":true,"href":"https:\/\/patricebarrat.org\/index.php\/wp-json\/wp\/v2\/categories?post=2664"},{"taxonomy":"post_tag","embeddable":true,"href":"https:\/\/patricebarrat.org\/index.php\/wp-json\/wp\/v2\/tags?post=2664"}],"curies":[{"name":"wp","href":"https:\/\/api.w.org\/{rel}","templated":true}]}}